{"id":19302,"date":"2022-09-06T12:20:00","date_gmt":"2022-09-06T12:20:00","guid":{"rendered":"https:\/\/www.paradise-fruits.de\/?p=19302"},"modified":"2025-06-10T10:04:18","modified_gmt":"2025-06-10T10:04:18","slug":"spende-aus-dem-paradies-neue-ipads-fuer-grundschulkinder","status":"publish","type":"post","link":"https:\/\/www.paradisefruits.com\/de\/spende-aus-dem-paradies-neue-ipads-fuer-grundschulkinder\/","title":{"rendered":"Spende aus dem \u201eParadies\u201c: Neue iPads f\u00fcr Grundschulkinder"},"content":{"rendered":"\t\t<div data-elementor-type=\"wp-post\" data-elementor-id=\"19302\" class=\"elementor elementor-19302\" data-elementor-post-type=\"post\">\n\t\t\t\t\t\t<section class=\"elementor-section elementor-top-section elementor-element elementor-element-215c1af1 elementor-section-boxed elementor-section-height-default elementor-section-height-default\" data-id=\"215c1af1\" data-element_type=\"section\" data-e-type=\"section\">\n\t\t\t\t\t\t<div class=\"elementor-container elementor-column-gap-default\">\n\t\t\t\t\t<div class=\"elementor-column elementor-col-100 elementor-top-column elementor-element elementor-element-6058f4d9\" data-id=\"6058f4d9\" data-element_type=\"column\" data-e-type=\"column\">\n\t\t\t<div class=\"elementor-widget-wrap elementor-element-populated\">\n\t\t\t\t\t\t<div class=\"elementor-element elementor-element-6a4216a elementor-widget elementor-widget-heading\" data-id=\"6a4216a\" data-element_type=\"widget\" data-e-type=\"widget\" data-widget_type=\"heading.default\">\n\t\t\t\t<div class=\"elementor-widget-container\">\n\t\t\t\t\t<h2 class=\"elementor-heading-title elementor-size-default\">\u00dcberraschung nach den Sommerferien<\/h2>\t\t\t\t<\/div>\n\t\t\t\t<\/div>\n\t\t\t\t<div class=\"elementor-element elementor-element-55c2df90 elementor-widget elementor-widget-text-editor\" data-id=\"55c2df90\" data-element_type=\"widget\" data-e-type=\"widget\" data-widget_type=\"text-editor.default\">\n\t\t\t\t<div class=\"elementor-widget-container\">\n\t\t\t\t\t\t\t\t\t<p>Riesenjubel in der Grundschule Assel: Die fr\u00f6hlichen Steppkes aus dem Kehdinger Land freuen sich \u00fcber <strong>sechs neue iPads<\/strong> von Paradise Fruits. Die Spende des Unternehmens soll den Kindern das <strong>Lernen erleichtern<\/strong> und sie an die Digitalisierung herabf\u00fchren.<\/p>\t\t\t\t\t\t\t\t<\/div>\n\t\t\t\t<\/div>\n\t\t\t\t\t<\/div>\n\t\t<\/div>\n\t\t\t\t\t<\/div>\n\t\t<\/section>\n\t\t\t\t<section class=\"elementor-section elementor-top-section elementor-element elementor-element-25f1cd11 elementor-section-boxed elementor-section-height-default elementor-section-height-default\" data-id=\"25f1cd11\" data-element_type=\"section\" data-e-type=\"section\">\n\t\t\t\t\t\t<div class=\"elementor-container elementor-column-gap-default\">\n\t\t\t\t\t<div class=\"elementor-column elementor-col-100 elementor-top-column elementor-element elementor-element-58997a81\" data-id=\"58997a81\" data-element_type=\"column\" data-e-type=\"column\">\n\t\t\t<div class=\"elementor-widget-wrap elementor-element-populated\">\n\t\t\t\t\t\t<div class=\"elementor-element elementor-element-e3d7b87 elementor-widget elementor-widget-heading\" data-id=\"e3d7b87\" data-element_type=\"widget\" data-e-type=\"widget\" data-widget_type=\"heading.default\">\n\t\t\t\t<div class=\"elementor-widget-container\">\n\t\t\t\t\t<h2 class=\"elementor-heading-title elementor-size-default\">Gesch\u00e4ftsf\u00fchrer Kurt Jahncke beschenkt \"seine\" alte Grundschule<\/h2>\t\t\t\t<\/div>\n\t\t\t\t<\/div>\n\t\t\t\t<div class=\"elementor-element elementor-element-df5c02b elementor-widget elementor-widget-text-editor\" data-id=\"df5c02b\" data-element_type=\"widget\" data-e-type=\"widget\" data-widget_type=\"text-editor.default\">\n\t\t\t\t<div class=\"elementor-widget-container\">\n\t\t\t\t\t\t\t\t\t<p>Endlich hat die Grundschule Assel gen\u00fcgend iPads, um <strong>eine ganze Klasse<\/strong> mit den digitalen Ger\u00e4ten auszustatten. M\u00f6glich macht das eine Spende des Asseler Traditionsunternehmens Paradise Fruits. Gesch\u00e4ftsf\u00fchrer Kurt Jahncke \u00fcbergab die sechs Ger\u00e4te an Schulleiterin Ines Grotheer-Prott: \u201eDer Schultr\u00e4ger k\u00fcmmert sich zwar gut um uns und auch der F\u00f6rderverein macht vieles m\u00f6glich. Aber diese willkommene Spende hilft uns wirklich sehr.\u201c<\/p>\t\t\t\t\t\t\t\t<\/div>\n\t\t\t\t<\/div>\n\t\t\t\t<section class=\"elementor-section elementor-inner-section elementor-element elementor-element-5545606 elementor-section-boxed elementor-section-height-default elementor-section-height-default\" data-id=\"5545606\" data-element_type=\"section\" data-e-type=\"section\">\n\t\t\t\t\t\t<div class=\"elementor-container elementor-column-gap-default\">\n\t\t\t\t\t<div class=\"elementor-column elementor-col-50 elementor-inner-column elementor-element elementor-element-770f893\" data-id=\"770f893\" data-element_type=\"column\" data-e-type=\"column\">\n\t\t\t<div class=\"elementor-widget-wrap elementor-element-populated\">\n\t\t\t\t\t\t<div class=\"elementor-element elementor-element-3e148481 elementor-widget elementor-widget-text-editor\" data-id=\"3e148481\" data-element_type=\"widget\" data-e-type=\"widget\" data-widget_type=\"text-editor.default\">\n\t\t\t\t<div class=\"elementor-widget-container\">\n\t\t\t\t\t\t\t\t\t<p>Die Grundschule in Assel geh\u00f6rt mit ihren <strong>110 Sch\u00fcler:innen<\/strong> zu den kleineren im Landkreis. Dennoch bem\u00fcht sich Rektorin Grotheer-Prott, die Digitalisierung weiter voranzutreiben: \u201eDas hilft nicht nur den Kindern mit Migrationshintergrund, denen die iPad-Apps das Deutsch lernen erleichtert. Die Drittkl\u00e4ssler k\u00f6nnen k\u00fcnftig auch kleine Videos mit den Tablets drehen oder das L\u00f6sen von Matheaufgaben besser \u00fcben. Die Kolleg:innen freuen sich besonders dar\u00fcber, die Recherche f\u00fcr den Sachunterricht oder die vertiefenden \u00dcbungsformate vom Computerraum praktikabel in den Klassenraum verlegen zu k\u00f6nnen, um den Sch\u00fcler:innen auch<strong> individuelle Zug\u00e4nge<\/strong> zu erm\u00f6glichen. In zwei Klassenr\u00e4umen k\u00f6nnen sich die Kinder dann f\u00fcr das gemeinsame Lernen und Pr\u00e4sentieren ihrer Ergebnisse mit einem elektronischen Panel verbinden.\u201c<\/p>\t\t\t\t\t\t\t\t<\/div>\n\t\t\t\t<\/div>\n\t\t\t\t\t<\/div>\n\t\t<\/div>\n\t\t\t\t<div class=\"elementor-column elementor-col-50 elementor-inner-column elementor-element elementor-element-fa5abe8\" data-id=\"fa5abe8\" data-element_type=\"column\" data-e-type=\"column\">\n\t\t\t<div class=\"elementor-widget-wrap elementor-element-populated\">\n\t\t\t\t\t\t<div class=\"elementor-element elementor-element-8750b2f elementor-widget elementor-widget-image\" data-id=\"8750b2f\" data-element_type=\"widget\" data-e-type=\"widget\" data-widget_type=\"image.default\">\n\t\t\t\t<div class=\"elementor-widget-container\">\n\t\t\t\t\t\t\t\t\t\t\t\t\t\t\t<img fetchpriority=\"high\" decoding=\"async\" width=\"800\" height=\"534\" src=\"https:\/\/www.paradisefruits.com\/wp-content\/uploads\/2022\/09\/U\u0308bergabe-iPads-Paradise-Fruits-Gruppe-1-1024x683.jpg\" class=\"attachment-large size-large wp-image-19314\" alt=\"\" srcset=\"https:\/\/www.paradisefruits.com\/wp-content\/uploads\/2022\/09\/U\u0308bergabe-iPads-Paradise-Fruits-Gruppe-1-1024x683.jpg 1024w, https:\/\/www.paradisefruits.com\/wp-content\/uploads\/2022\/09\/U\u0308bergabe-iPads-Paradise-Fruits-Gruppe-1-300x200.jpg 300w, https:\/\/www.paradisefruits.com\/wp-content\/uploads\/2022\/09\/U\u0308bergabe-iPads-Paradise-Fruits-Gruppe-1-768x512.jpg 768w, https:\/\/www.paradisefruits.com\/wp-content\/uploads\/2022\/09\/U\u0308bergabe-iPads-Paradise-Fruits-Gruppe-1-1536x1024.jpg 1536w, https:\/\/www.paradisefruits.com\/wp-content\/uploads\/2022\/09\/U\u0308bergabe-iPads-Paradise-Fruits-Gruppe-1-scaled.jpg 2048w\" sizes=\"(max-width: 800px) 100vw, 800px\" title=\"\">\t\t\t\t\t\t\t\t\t\t\t\t\t\t\t<\/div>\n\t\t\t\t<\/div>\n\t\t\t\t\t<\/div>\n\t\t<\/div>\n\t\t\t\t\t<\/div>\n\t\t<\/section>\n\t\t\t\t<div class=\"elementor-element elementor-element-2e3e322 elementor-widget elementor-widget-text-editor\" data-id=\"2e3e322\" data-element_type=\"widget\" data-e-type=\"widget\" data-widget_type=\"text-editor.default\">\n\t\t\t\t<div class=\"elementor-widget-container\">\n\t\t\t\t\t\t\t\t\t<p>Nach den schwierigen Zeiten der Corona-Zeit, die besonders f\u00fcr die Schulanf\u00e4nger:innen schwierig waren, kommt das Geschenk von Paradise Fruits zum <strong>richtigen Zeitpunkt<\/strong>. Gesch\u00e4ftsf\u00fchrer Kurt Jahncke f\u00fcgt hinzu: \u201eIch bin dankbar daf\u00fcr, dass \u201emeine\u201c Grundschule in Assel mir einen guten Start erm\u00f6glicht hat, und ich freue mich deshalb, heute etwas zur\u00fcckgeben zu k\u00f6nnen! Frau Grotheer-Prott ist eine tolle, kompetente Schulleiterin und die Fr\u00f6hlichkeit, Neugier und Aktivit\u00e4t der Kids hier erinnert mich fast ein bisschen an Astrid Lindgrens \u201eKinder aus Bullerb\u00fc\u201c.<\/p>\t\t\t\t\t\t\t\t<\/div>\n\t\t\t\t<\/div>\n\t\t\t\t\t<\/div>\n\t\t<\/div>\n\t\t\t\t\t<\/div>\n\t\t<\/section>\n\t\t\t\t<\/div>\n\t\t","protected":false},"excerpt":{"rendered":"<p>\u00dcberraschung nach den Sommerferien Riesenjubel in der Grundschule Assel: Die fr\u00f6hlichen Steppkes aus dem Kehdinger Land freuen sich \u00fcber sechs neue iPads von Paradise Fruits.<\/p>\n","protected":false},"author":6,"featured_media":21317,"comment_status":"closed","ping_status":"open","sticky":false,"template":"","format":"standard","meta":{"_acf_changed":false,"footnotes":""},"categories":[766],"tags":[],"class_list":["post-19302","post","type-post","status-publish","format-standard","has-post-thumbnail","hentry","category-company-news-en"],"acf":[],"_links":{"self":[{"href":"https:\/\/www.paradisefruits.com\/de\/wp-json\/wp\/v2\/posts\/19302","targetHints":{"allow":["GET"]}}],"collection":[{"href":"https:\/\/www.paradisefruits.com\/de\/wp-json\/wp\/v2\/posts"}],"about":[{"href":"https:\/\/www.paradisefruits.com\/de\/wp-json\/wp\/v2\/types\/post"}],"author":[{"embeddable":true,"href":"https:\/\/www.paradisefruits.com\/de\/wp-json\/wp\/v2\/users\/6"}],"replies":[{"embeddable":true,"href":"https:\/\/www.paradisefruits.com\/de\/wp-json\/wp\/v2\/comments?post=19302"}],"version-history":[{"count":3,"href":"https:\/\/www.paradisefruits.com\/de\/wp-json\/wp\/v2\/posts\/19302\/revisions"}],"predecessor-version":[{"id":42754,"href":"https:\/\/www.paradisefruits.com\/de\/wp-json\/wp\/v2\/posts\/19302\/revisions\/42754"}],"wp:featuredmedia":[{"embeddable":true,"href":"https:\/\/www.paradisefruits.com\/de\/wp-json\/wp\/v2\/media\/21317"}],"wp:attachment":[{"href":"https:\/\/www.paradisefruits.com\/de\/wp-json\/wp\/v2\/media?parent=19302"}],"wp:term":[{"taxonomy":"category","embeddable":true,"href":"https:\/\/www.paradisefruits.com\/de\/wp-json\/wp\/v2\/categories?post=19302"},{"taxonomy":"post_tag","embeddable":true,"href":"https:\/\/www.paradisefruits.com\/de\/wp-json\/wp\/v2\/tags?post=19302"}],"curies":[{"name":"wp","href":"https:\/\/api.w.org\/{rel}","templated":true}]}}